{"id":3194,"date":"2020-11-27T15:30:30","date_gmt":"2020-11-27T15:30:30","guid":{"rendered":"https:\/\/masterrehabilitacionoralub.com\/?p=3194"},"modified":"2025-02-10T12:40:49","modified_gmt":"2025-02-10T12:40:49","slug":"tratamientos-y-manejo-del-paciente-de-medicina-dental-del-sueno-en-nuestras-clinicas-que-debe-conocer-el-personal-asistencial-difusion-de-la-importancia-de-la-alternativa-dental-de-tratamiento","status":"publish","type":"post","link":"https:\/\/masterrehabilitacionoralub.com\/ca\/tratamientos-y-manejo-del-paciente-de-medicina-dental-del-sueno-en-nuestras-clinicas-que-debe-conocer-el-personal-asistencial-difusion-de-la-importancia-de-la-alternativa-dental-de-tratamiento\/","title":{"rendered":"Congr\u00e9s online SEMDeS 2020"},"content":{"rendered":"<div data-elementor-type=\"wp-post\" data-elementor-id=\"3194\" class=\"elementor elementor-3194\" data-elementor-post-type=\"post\">\n\t\t\t\t\t\t<section class=\"elementor-section elementor-top-section elementor-element elementor-element-223865b0 elementor-section-boxed elementor-section-height-default elementor-section-height-default\" data-id=\"223865b0\" data-element_type=\"section\" data-e-type=\"section\">\n\t\t\t\t\t\t<div class=\"elementor-container elementor-column-gap-default\">\n\t\t\t\t\t<div class=\"elementor-column elementor-col-100 elementor-top-column elementor-element elementor-element-5e2535ee\" data-id=\"5e2535ee\" data-element_type=\"column\" data-e-type=\"column\">\n\t\t\t<div class=\"elementor-widget-wrap elementor-element-populated\">\n\t\t\t\t\t\t<div class=\"elementor-element elementor-element-11556ad7 elementor-widget elementor-widget-text-editor\" data-id=\"11556ad7\" data-element_type=\"widget\" data-e-type=\"widget\" data-widget_type=\"text-editor.default\">\n\t\t\t\t<div class=\"elementor-widget-container\">\n\t\t\t\t\t\t\t\t\t<p><b>Organitzada per: <\/b>SEMDeS<br \/><b>Lloc:<\/b> La Corunya 2020 en l\u00ednia<br \/><b>Data:<\/b> 27 i 28 de novembre de 2020<\/p><p><strong style=\"font-size: 16px;\">Pon\u00e8ncia:\u00a0<\/strong><span style=\"font-size: 16px;\">Tractaments i maneig del pacient de Medicina Dental del Son en les nostres cl\u00edniques. Qu\u00e8 ha de con\u00e8ixer el personal assistencial? Difusi\u00f3 de la import\u00e0ncia de l'alternativa dental de tractament entre els nostres pacients<\/span><\/p><p><b>Dictant:<\/b>\u00a0Llu\u00eds Nogu\u00e9s<\/p>\t\t\t\t\t\t\t\t<\/div>\n\t\t\t\t<\/div>\n\t\t\t\t\t<\/div>\n\t\t<\/div>\n\t\t\t\t\t<\/div>\n\t\t<\/section>\n\t\t\t\t<section class=\"elementor-section elementor-top-section elementor-element elementor-element-1ee8233d elementor-section-boxed elementor-section-height-default elementor-section-height-default\" data-id=\"1ee8233d\" data-element_type=\"section\" data-e-type=\"section\">\n\t\t\t\t\t\t<div class=\"elementor-container elementor-column-gap-default\">\n\t\t\t\t\t<div class=\"elementor-column elementor-col-100 elementor-top-column elementor-element elementor-element-7dbbdfb6\" data-id=\"7dbbdfb6\" data-element_type=\"column\" data-e-type=\"column\">\n\t\t\t<div class=\"elementor-widget-wrap elementor-element-populated\">\n\t\t\t\t\t\t<div class=\"elementor-element elementor-element-6c722551 elementor-widget elementor-widget-image\" data-id=\"6c722551\" data-element_type=\"widget\" data-e-type=\"widget\" data-widget_type=\"image.default\">\n\t\t\t\t<div class=\"elementor-widget-container\">\n\t\t\t\t\t\t\t\t\t\t\t\t\t\t\t<img fetchpriority=\"high\" decoding=\"async\" width=\"1916\" height=\"1078\" src=\"https:\/\/masterrehabilitacionoralub.com\/wp-content\/uploads\/2020\/11\/SEMDES-A-Coruna-2020.jpg\" class=\"attachment-full size-full wp-image-3196\" alt=\"\" srcset=\"https:\/\/masterrehabilitacionoralub.com\/wp-content\/uploads\/2020\/11\/SEMDES-A-Coruna-2020.jpg 1916w, https:\/\/masterrehabilitacionoralub.com\/wp-content\/uploads\/2020\/11\/SEMDES-A-Coruna-2020-300x169.jpg 300w, https:\/\/masterrehabilitacionoralub.com\/wp-content\/uploads\/2020\/11\/SEMDES-A-Coruna-2020-1024x576.jpg 1024w, https:\/\/masterrehabilitacionoralub.com\/wp-content\/uploads\/2020\/11\/SEMDES-A-Coruna-2020-768x432.jpg 768w, https:\/\/masterrehabilitacionoralub.com\/wp-content\/uploads\/2020\/11\/SEMDES-A-Coruna-2020-1536x864.jpg 1536w, https:\/\/masterrehabilitacionoralub.com\/wp-content\/uploads\/2020\/11\/SEMDES-A-Coruna-2020-16x9.jpg 16w, https:\/\/masterrehabilitacionoralub.com\/wp-content\/uploads\/2020\/11\/SEMDES-A-Coruna-2020-600x338.jpg 600w\" sizes=\"(max-width: 1916px) 100vw, 1916px\" \/>\t\t\t\t\t\t\t\t\t\t\t\t\t\t\t<\/div>\n\t\t\t\t<\/div>\n\t\t\t\t\t<\/div>\n\t\t<\/div>\n\t\t\t\t\t<\/div>\n\t\t<\/section>\n\t\t\t\t<\/div>","protected":false},"excerpt":{"rendered":"<p>Organitzada per: SEMDeSLugar: A Coru\u00f1a 2020 onlineData: 27 i 28 de Novembre de 2020 Pon\u00e8ncia: Tractaments i maneig del pacient de Medicina Dental del Son a les nostres cl\u00edniques. Qu\u00e8 ha de con\u00e8ixer el personal assistencial? Difusi\u00f3 de la import\u00e0ncia de l&#039;alternativa dental de tractament entre els nostres pacients Dictant: Llu\u00eds Nogu\u00e9s<\/p>","protected":false},"author":1,"featured_media":3196,"comment_status":"closed","ping_status":"open","sticky":false,"template":"","format":"standard","meta":{"_acf_changed":false,"ocean_post_layout":"","ocean_both_sidebars_style":"","ocean_both_sidebars_content_width":0,"ocean_both_sidebars_sidebars_width":0,"ocean_sidebar":"0","ocean_second_sidebar":"0","ocean_disable_margins":"enable","ocean_add_body_class":"","ocean_shortcode_before_top_bar":"","ocean_shortcode_after_top_bar":"","ocean_shortcode_before_header":"","ocean_shortcode_after_header":"","ocean_has_shortcode":"","ocean_shortcode_after_title":"","ocean_shortcode_before_footer_widgets":"","ocean_shortcode_after_footer_widgets":"","ocean_shortcode_before_footer_bottom":"","ocean_shortcode_after_footer_bottom":"","ocean_display_top_bar":"default","ocean_display_header":"default","ocean_header_style":"","ocean_center_header_left_menu":"0","ocean_custom_header_template":"0","ocean_custom_logo":0,"ocean_custom_retina_logo":0,"ocean_custom_logo_max_width":0,"ocean_custom_logo_tablet_max_width":0,"ocean_custom_logo_mobile_max_width":0,"ocean_custom_logo_max_height":0,"ocean_custom_logo_tablet_max_height":0,"ocean_custom_logo_mobile_max_height":0,"ocean_header_custom_menu":"0","ocean_menu_typo_font_family":"0","ocean_menu_typo_font_subset":"","ocean_menu_typo_font_size":0,"ocean_menu_typo_font_size_tablet":0,"ocean_menu_typo_font_size_mobile":0,"ocean_menu_typo_font_size_unit":"px","ocean_menu_typo_font_weight":"","ocean_menu_typo_font_weight_tablet":"","ocean_menu_typo_font_weight_mobile":"","ocean_menu_typo_transform":"","ocean_menu_typo_transform_tablet":"","ocean_menu_typo_transform_mobile":"","ocean_menu_typo_line_height":0,"ocean_menu_typo_line_height_tablet":0,"ocean_menu_typo_line_height_mobile":0,"ocean_menu_typo_line_height_unit":"","ocean_menu_typo_spacing":0,"ocean_menu_typo_spacing_tablet":0,"ocean_menu_typo_spacing_mobile":0,"ocean_menu_typo_spacing_unit":"","ocean_menu_link_color":"","ocean_menu_link_color_hover":"","ocean_menu_link_color_active":"","ocean_menu_link_background":"","ocean_menu_link_hover_background":"","ocean_menu_link_active_background":"","ocean_menu_social_links_bg":"","ocean_menu_social_hover_links_bg":"","ocean_menu_social_links_color":"","ocean_menu_social_hover_links_color":"","ocean_disable_title":"default","ocean_disable_heading":"default","ocean_post_title":"","ocean_post_subheading":"","ocean_post_title_style":"","ocean_post_title_background_color":"","ocean_post_title_background":0,"ocean_post_title_bg_image_position":"","ocean_post_title_bg_image_attachment":"","ocean_post_title_bg_image_repeat":"","ocean_post_title_bg_image_size":"","ocean_post_title_height":0,"ocean_post_title_bg_overlay":0.5,"ocean_post_title_bg_overlay_color":"","ocean_disable_breadcrumbs":"default","ocean_breadcrumbs_color":"","ocean_breadcrumbs_separator_color":"","ocean_breadcrumbs_links_color":"","ocean_breadcrumbs_links_hover_color":"","ocean_display_footer_widgets":"default","ocean_display_footer_bottom":"default","ocean_custom_footer_template":"0","ocean_post_oembed":"","ocean_post_self_hosted_media":"","ocean_post_video_embed":"","ocean_link_format":"","ocean_link_format_target":"self","ocean_quote_format":"","ocean_quote_format_link":"post","ocean_gallery_link_images":"off","ocean_gallery_id":[],"footnotes":""},"categories":[30],"tags":[],"class_list":["post-3194","post","type-post","status-publish","format-standard","has-post-thumbnail","hentry","category-master-oclusion-rehabilitacion-oral-ub-congresos","entry","has-media"],"acf":[],"_links":{"self":[{"href":"https:\/\/masterrehabilitacionoralub.com\/ca\/wp-json\/wp\/v2\/posts\/3194","targetHints":{"allow":["GET"]}}],"collection":[{"href":"https:\/\/masterrehabilitacionoralub.com\/ca\/wp-json\/wp\/v2\/posts"}],"about":[{"href":"https:\/\/masterrehabilitacionoralub.com\/ca\/wp-json\/wp\/v2\/types\/post"}],"author":[{"embeddable":true,"href":"https:\/\/masterrehabilitacionoralub.com\/ca\/wp-json\/wp\/v2\/users\/1"}],"replies":[{"embeddable":true,"href":"https:\/\/masterrehabilitacionoralub.com\/ca\/wp-json\/wp\/v2\/comments?post=3194"}],"version-history":[{"count":0,"href":"https:\/\/masterrehabilitacionoralub.com\/ca\/wp-json\/wp\/v2\/posts\/3194\/revisions"}],"wp:featuredmedia":[{"embeddable":true,"href":"https:\/\/masterrehabilitacionoralub.com\/ca\/wp-json\/wp\/v2\/media\/3196"}],"wp:attachment":[{"href":"https:\/\/masterrehabilitacionoralub.com\/ca\/wp-json\/wp\/v2\/media?parent=3194"}],"wp:term":[{"taxonomy":"category","embeddable":true,"href":"https:\/\/masterrehabilitacionoralub.com\/ca\/wp-json\/wp\/v2\/categories?post=3194"},{"taxonomy":"post_tag","embeddable":true,"href":"https:\/\/masterrehabilitacionoralub.com\/ca\/wp-json\/wp\/v2\/tags?post=3194"}],"curies":[{"name":"wp","href":"https:\/\/api.w.org\/{rel}","templated":true}]}}