{"id":4664,"date":"2023-09-28T07:02:00","date_gmt":"2023-09-28T07:02:00","guid":{"rendered":"https:\/\/masterrehabilitacionoralub.com\/?p=4664"},"modified":"2025-02-10T11:44:15","modified_gmt":"2025-02-10T11:44:15","slug":"reconocimiento-a-la-tarea-de-coordinador-cientifico-del-curso-oficial-teorico-practico-de-formacion-en-medicina-dental-del-sueno-desde-el-ano-2020-hasta-el-2023","status":"publish","type":"post","link":"https:\/\/masterrehabilitacionoralub.com\/ca\/reconocimiento-a-la-tarea-de-coordinador-cientifico-del-curso-oficial-teorico-practico-de-formacion-en-medicina-dental-del-sueno-desde-el-ano-2020-hasta-el-2023\/","title":{"rendered":"Reconeixement a la tasca de Coordinador Cient\u00edfic del \u00abCurs Oficial Te\u00f2ric-Pr\u00e0ctic de Formaci\u00f3 en Medicina Dental del Son\u00bb des de l&#039;any 2020 fins al 2023"},"content":{"rendered":"<div data-elementor-type=\"wp-post\" data-elementor-id=\"4664\" class=\"elementor elementor-4664\" data-elementor-post-type=\"post\">\n\t\t\t\t\t\t<section class=\"elementor-section elementor-top-section elementor-element elementor-element-03f3a52 elementor-section-boxed elementor-section-height-default elementor-section-height-default\" data-id=\"03f3a52\" data-element_type=\"section\" data-e-type=\"section\">\n\t\t\t\t\t\t<div class=\"elementor-container elementor-column-gap-default\">\n\t\t\t\t\t<div class=\"elementor-column elementor-col-100 elementor-top-column elementor-element elementor-element-baf6706\" data-id=\"baf6706\" data-element_type=\"column\" data-e-type=\"column\">\n\t\t\t<div class=\"elementor-widget-wrap elementor-element-populated\">\n\t\t\t\t\t\t<div class=\"elementor-element elementor-element-991ad04 elementor-widget elementor-widget-image\" data-id=\"991ad04\" data-element_type=\"widget\" data-e-type=\"widget\" data-widget_type=\"image.default\">\n\t\t\t\t<div class=\"elementor-widget-container\">\n\t\t\t\t\t\t\t\t\t\t\t\t\t\t\t<img fetchpriority=\"high\" decoding=\"async\" width=\"1024\" height=\"768\" src=\"https:\/\/masterrehabilitacionoralub.com\/wp-content\/uploads\/2023\/09\/03-Setembre-2023-Curs-SEMDeS-2.jpg\" class=\"attachment-large size-large wp-image-4655\" alt=\"\" srcset=\"https:\/\/masterrehabilitacionoralub.com\/wp-content\/uploads\/2023\/09\/03-Setembre-2023-Curs-SEMDeS-2.jpg 1024w, https:\/\/masterrehabilitacionoralub.com\/wp-content\/uploads\/2023\/09\/03-Setembre-2023-Curs-SEMDeS-2-300x225.jpg 300w, https:\/\/masterrehabilitacionoralub.com\/wp-content\/uploads\/2023\/09\/03-Setembre-2023-Curs-SEMDeS-2-768x576.jpg 768w, https:\/\/masterrehabilitacionoralub.com\/wp-content\/uploads\/2023\/09\/03-Setembre-2023-Curs-SEMDeS-2-16x12.jpg 16w\" sizes=\"(max-width: 1024px) 100vw, 1024px\" \/>\t\t\t\t\t\t\t\t\t\t\t\t\t\t\t<\/div>\n\t\t\t\t<\/div>\n\t\t\t\t\t<\/div>\n\t\t<\/div>\n\t\t\t\t\t<\/div>\n\t\t<\/section>\n\t\t\t\t<section class=\"elementor-section elementor-top-section elementor-element elementor-element-08a8ca4 elementor-section-boxed elementor-section-height-default elementor-section-height-default\" data-id=\"08a8ca4\" data-element_type=\"section\" data-e-type=\"section\">\n\t\t\t\t\t\t<div class=\"elementor-container elementor-column-gap-default\">\n\t\t\t\t\t<div class=\"elementor-column elementor-col-100 elementor-top-column elementor-element elementor-element-24b849d\" data-id=\"24b849d\" data-element_type=\"column\" data-e-type=\"column\">\n\t\t\t<div class=\"elementor-widget-wrap elementor-element-populated\">\n\t\t\t\t\t\t<div class=\"elementor-element elementor-element-45101ed elementor-widget elementor-widget-text-editor\" data-id=\"45101ed\" data-element_type=\"widget\" data-e-type=\"widget\" data-widget_type=\"text-editor.default\">\n\t\t\t\t<div class=\"elementor-widget-container\">\n\t\t\t\t\t\t\t\t\t<p>Durant el desenvolupament del \u00abCurs Oficial Te\u00f2ric-Pr\u00e0ctic de Formaci\u00f3 en Medicina Dental del Son\u00bb celebrat a Madrid el 28, 29 i 30 de setembre de 2023 va tenir lloc el reconeixement al Dr. Lluis Nogu\u00e9s, Soci fundador de la Societat Espanyola de Medicina Dental del Somni (SEMDeS), per la tasca de coordinaci\u00f3 dels cursos de formaci\u00f3 en la mat\u00e8ria.<\/p>\t\t\t\t\t\t\t\t<\/div>\n\t\t\t\t<\/div>\n\t\t\t\t\t<\/div>\n\t\t<\/div>\n\t\t\t\t\t<\/div>\n\t\t<\/section>\n\t\t\t\t<\/div>","protected":false},"excerpt":{"rendered":"<p>Durante el desarrollo del \u00abCurso Oficial Te\u00f3rico-Pr\u00e1ctico de Formaci\u00f3n en Medicina Dental del Sue\u00f1o\u00bb celebrado en Madrid el 28, 29 y 30 de septiembre de 2023 tuvo lugar el reconocimiento al Dr. Lluis&nbsp;Nogu\u00e9s, Socio fundador de la Sociedad Espa\u00f1ola de Medicina Dental del Sue\u00f1o (SEMDeS), por la labor de coordinaci\u00f3n de los cursos de formaci\u00f3n [&hellip;]<\/p>\n","protected":false},"author":1,"featured_media":4655,"comment_status":"closed","ping_status":"open","sticky":false,"template":"","format":"standard","meta":{"_acf_changed":false,"ocean_post_layout":"","ocean_both_sidebars_style":"","ocean_both_sidebars_content_width":0,"ocean_both_sidebars_sidebars_width":0,"ocean_sidebar":"0","ocean_second_sidebar":"0","ocean_disable_margins":"enable","ocean_add_body_class":"","ocean_shortcode_before_top_bar":"","ocean_shortcode_after_top_bar":"","ocean_shortcode_before_header":"","ocean_shortcode_after_header":"","ocean_has_shortcode":"","ocean_shortcode_after_title":"","ocean_shortcode_before_footer_widgets":"","ocean_shortcode_after_footer_widgets":"","ocean_shortcode_before_footer_bottom":"","ocean_shortcode_after_footer_bottom":"","ocean_display_top_bar":"default","ocean_display_header":"default","ocean_header_style":"","ocean_center_header_left_menu":"0","ocean_custom_header_template":"0","ocean_custom_logo":0,"ocean_custom_retina_logo":0,"ocean_custom_logo_max_width":0,"ocean_custom_logo_tablet_max_width":0,"ocean_custom_logo_mobile_max_width":0,"ocean_custom_logo_max_height":0,"ocean_custom_logo_tablet_max_height":0,"ocean_custom_logo_mobile_max_height":0,"ocean_header_custom_menu":"0","ocean_menu_typo_font_family":"0","ocean_menu_typo_font_subset":"","ocean_menu_typo_font_size":0,"ocean_menu_typo_font_size_tablet":0,"ocean_menu_typo_font_size_mobile":0,"ocean_menu_typo_font_size_unit":"px","ocean_menu_typo_font_weight":"","ocean_menu_typo_font_weight_tablet":"","ocean_menu_typo_font_weight_mobile":"","ocean_menu_typo_transform":"","ocean_menu_typo_transform_tablet":"","ocean_menu_typo_transform_mobile":"","ocean_menu_typo_line_height":0,"ocean_menu_typo_line_height_tablet":0,"ocean_menu_typo_line_height_mobile":0,"ocean_menu_typo_line_height_unit":"","ocean_menu_typo_spacing":0,"ocean_menu_typo_spacing_tablet":0,"ocean_menu_typo_spacing_mobile":0,"ocean_menu_typo_spacing_unit":"","ocean_menu_link_color":"","ocean_menu_link_color_hover":"","ocean_menu_link_color_active":"","ocean_menu_link_background":"","ocean_menu_link_hover_background":"","ocean_menu_link_active_background":"","ocean_menu_social_links_bg":"","ocean_menu_social_hover_links_bg":"","ocean_menu_social_links_color":"","ocean_menu_social_hover_links_color":"","ocean_disable_title":"default","ocean_disable_heading":"default","ocean_post_title":"","ocean_post_subheading":"","ocean_post_title_style":"","ocean_post_title_background_color":"","ocean_post_title_background":0,"ocean_post_title_bg_image_position":"","ocean_post_title_bg_image_attachment":"","ocean_post_title_bg_image_repeat":"","ocean_post_title_bg_image_size":"","ocean_post_title_height":0,"ocean_post_title_bg_overlay":0.5,"ocean_post_title_bg_overlay_color":"","ocean_disable_breadcrumbs":"default","ocean_breadcrumbs_color":"","ocean_breadcrumbs_separator_color":"","ocean_breadcrumbs_links_color":"","ocean_breadcrumbs_links_hover_color":"","ocean_display_footer_widgets":"default","ocean_display_footer_bottom":"default","ocean_custom_footer_template":"0","ocean_post_oembed":"","ocean_post_self_hosted_media":"","ocean_post_video_embed":"","ocean_link_format":"","ocean_link_format_target":"self","ocean_quote_format":"","ocean_quote_format_link":"post","ocean_gallery_link_images":"off","ocean_gallery_id":[],"footnotes":""},"categories":[38],"tags":[],"class_list":["post-4664","post","type-post","status-publish","format-standard","has-post-thumbnail","hentry","category-reconocimientos-y-premios","entry","has-media"],"acf":[],"_links":{"self":[{"href":"https:\/\/masterrehabilitacionoralub.com\/ca\/wp-json\/wp\/v2\/posts\/4664","targetHints":{"allow":["GET"]}}],"collection":[{"href":"https:\/\/masterrehabilitacionoralub.com\/ca\/wp-json\/wp\/v2\/posts"}],"about":[{"href":"https:\/\/masterrehabilitacionoralub.com\/ca\/wp-json\/wp\/v2\/types\/post"}],"author":[{"embeddable":true,"href":"https:\/\/masterrehabilitacionoralub.com\/ca\/wp-json\/wp\/v2\/users\/1"}],"replies":[{"embeddable":true,"href":"https:\/\/masterrehabilitacionoralub.com\/ca\/wp-json\/wp\/v2\/comments?post=4664"}],"version-history":[{"count":0,"href":"https:\/\/masterrehabilitacionoralub.com\/ca\/wp-json\/wp\/v2\/posts\/4664\/revisions"}],"wp:featuredmedia":[{"embeddable":true,"href":"https:\/\/masterrehabilitacionoralub.com\/ca\/wp-json\/wp\/v2\/media\/4655"}],"wp:attachment":[{"href":"https:\/\/masterrehabilitacionoralub.com\/ca\/wp-json\/wp\/v2\/media?parent=4664"}],"wp:term":[{"taxonomy":"category","embeddable":true,"href":"https:\/\/masterrehabilitacionoralub.com\/ca\/wp-json\/wp\/v2\/categories?post=4664"},{"taxonomy":"post_tag","embeddable":true,"href":"https:\/\/masterrehabilitacionoralub.com\/ca\/wp-json\/wp\/v2\/tags?post=4664"}],"curies":[{"name":"wp","href":"https:\/\/api.w.org\/{rel}","templated":true}]}}